{"id":17399,"date":"2025-06-11T20:53:42","date_gmt":"2025-06-11T17:53:42","guid":{"rendered":"https:\/\/www.opli.co.il\/?p=17399"},"modified":"2026-01-19T20:37:14","modified_gmt":"2026-01-19T18:37:14","slug":"inklusive-medienkommunikation-innovative-wege-fur-sehbehinderte","status":"publish","type":"post","link":"https:\/\/www.opli.co.il\/?p=17399","title":{"rendered":"Inklusive Medienkommunikation: Innovative Wege f\u00fcr Sehbehinderte"},"content":{"rendered":"<p>Die Digitalisierung hat in den letzten Jahren tiefgreifende Ver\u00e4nderungen im Bereich der Medienvermittlung bewirkt, insbesondere im Hinblick auf Barrierefreiheit und inklusive Gestaltung. F\u00fcr Menschen mit Sehbehinderung entstehen dadurch nicht nur neue Herausforderungen, sondern auch bedeutende Chancen, um Teilhabe und Information aktiv zu f\u00f6rdern. In diesem Kontext gewinnt die Entwicklung ma\u00dfgeschneiderter akustischer und taktiler Hinweise zunehmend an Bedeutung.<\/p>\n<h2>Der Wandel in der Medieninklusion: Von Barrieren zu Br\u00fccken<\/h2>\n<p>Medienprodukte und \u2013dienste sind heute oft segmentiert, wobei visuelle Inhalte vorherrschen. F\u00fcr Menschen mit Sehbehinderung allerdings stellt diese visuelle Dominanz eine Barriere dar, die es zu \u00fcberwinden gilt. Das Ziel ist eine barrierefreie Mediengestaltung, die alle Nutzer gleichberechtigt anspricht.<\/p>\n<p>Hierbei spielt die Akustik eine zentrale Rolle. Innovative Technologien wie Screenreader, Voice-Over-Funktionen und audiogest\u00fctzte Hinweise erm\u00f6glichen es Sehbehinderten, Medien aktiv zu erleben. Doch diese L\u00f6sungen sind nicht nur technische Hilfsmittel, sondern integrative Komponenten einer gesellschaftlich verantwortlichen Gestaltung digitaler Inhalte.<\/p>\n<h2>Best Practice: Akustische Hinweise und ihre Bedeutung<\/h2>\n<p>Die Bereitstellung von <a href=\"https:\/\/pharaoh-le.de\/\"><strong>Audio-Hinweise f\u00fcr Sehbehinderte<\/strong><\/a> ist ein essenzielles Element, um Inhalte verst\u00e4ndlich zu vermitteln, Interaktionen zu erleichtern und Selbstst\u00e4ndigkeit zu f\u00f6rdern. Solche Hinweise vermitteln nicht nur Informationen, sondern tragen ma\u00dfgeblich zur Barrierefreiheit bei, indem sie die multimediale Zug\u00e4nglichkeit verbessern.<\/p>\n<blockquote>\n<p>&quot;Inklusive Mediengestaltung erfordert innovative Ans\u00e4tze, die H\u00f6r- und Taktilelemente nahtlos integrieren, um Menschen mit Sehbehinderung wirklich zu unterst\u00fctzen.&quot; \u2013 Dr. Johannes Meier, Experte f\u00fcr Medieninklusion<\/p>\n<\/blockquote>\n<h2>Technische und gestalterische Aspekte bei Audio-Hinweisen<\/h2>\n<table>\n<thead>\n<tr>\n<th>Merkmal<\/th>\n<th>Beschreibung<\/th>\n<\/tr>\n<\/thead>\n<tbody>\n<tr>\n<td>Relevanz<\/td>\n<td>Hinweise sollten gezielt wichtige Informationen vermitteln, ohne den Nutzer zu \u00fcberfluten.<\/td>\n<\/tr>\n<tr>\n<td>Timing<\/td>\n<td>Zeitpunkt und Dauer der Hinweise sind entscheidend, um Unterbrechungen zu minimieren.<\/td>\n<\/tr>\n<tr>\n<td>Klarkeit<\/td>\n<td>Klare, pr\u00e4gnante Sprache und akustische Signale erleichtern die Orientierung.<\/td>\n<\/tr>\n<tr>\n<td>Personalisierung<\/td>\n<td>Optionen f\u00fcr individuelle Anpassung (z.B. Lautst\u00e4rke, Sprachgeschwindigkeit).<\/td>\n<\/tr>\n<\/tbody>\n<\/table>\n<h2>Perspektiven und Herausforderungen<\/h2>\n<p>W\u00e4hrend die Technologie rasant voranschreitet, besteht eine konstante Herausforderung darin, eine optimale Balance zwischen technischer Unterst\u00fctzung und Nutzerakzeptanz zu finden. Nicht alle Sehbehinderten sind mit den gleichen technischen Voraussetzungen ausgestattet, weshalb barrierefreie L\u00f6sungen flexibel und adaptiv sein m\u00fcssen.<\/p>\n<p>Dar\u00fcber hinaus ist die Integration von Audio-Hinweisen nur eine Komponente, um Medien wirklich inklusiv zu gestalten. Die Zusammenarbeit zwischen Entwicklern, Designern und Betroffenen ist essenziell, um innovative und nutzerzentrierte L\u00f6sungen zu entwickeln, die Mehrwert schaffen.<\/p>\n<h2>Fazit: Auf dem Weg zu einer inklusiven digitalen Kultur<\/h2>\n<p>Das Angebot von Audio-Hinweise f\u00fcr Sehbehinderte ist ein bedeutender Fortschritt auf diesem Weg. Es zeigt, wie technologische Innovationen Barrieren abbauen und Medien zug\u00e4nglicher gestalten k\u00f6nnen. Die Zukunft liegt in einer holistischen Herangehensweise, die akustische, taktile und visuelle Elemente integriert, um das volle Spektrum menschlicher Wahrnehmung zu adressieren.<\/p>\n<p>Nur durch kontinuierliche Forschung, inclusive Design und interdisziplin\u00e4re Zusammenarbeit k\u00f6nnen wir sicherstellen, dass Medien und Technologien wirklich f\u00fcr alle Menschen zug\u00e4nglich werden \u2013 ein Ziel, das gesellschaftliche Teilhabe und Gleichberechtigung nachhaltig f\u00f6rdert.<\/p>\n","protected":false},"excerpt":{"rendered":"<p>Die Digitalisierung hat in den letzten Jahren tiefgreifende Ver\u00e4nderungen im Bereich der Medienvermittlung bewirkt, insbesondere im Hinblick auf Barrierefreiheit und&#8230;<\/p>\n","protected":false},"author":3,"featured_media":0,"comment_status":"closed","ping_status":"closed","sticky":false,"template":"","format":"standard","meta":{"footnotes":""},"categories":[1],"tags":[],"class_list":["post-17399","post","type-post","status-publish","format-standard","hentry","category-1"],"_links":{"self":[{"href":"https:\/\/www.opli.co.il\/index.php?rest_route=\/wp\/v2\/posts\/17399","targetHints":{"allow":["GET"]}}],"collection":[{"href":"https:\/\/www.opli.co.il\/index.php?rest_route=\/wp\/v2\/posts"}],"about":[{"href":"https:\/\/www.opli.co.il\/index.php?rest_route=\/wp\/v2\/types\/post"}],"author":[{"embeddable":true,"href":"https:\/\/www.opli.co.il\/index.php?rest_route=\/wp\/v2\/users\/3"}],"replies":[{"embeddable":true,"href":"https:\/\/www.opli.co.il\/index.php?rest_route=%2Fwp%2Fv2%2Fcomments&post=17399"}],"version-history":[{"count":1,"href":"https:\/\/www.opli.co.il\/index.php?rest_route=\/wp\/v2\/posts\/17399\/revisions"}],"predecessor-version":[{"id":17400,"href":"https:\/\/www.opli.co.il\/index.php?rest_route=\/wp\/v2\/posts\/17399\/revisions\/17400"}],"wp:attachment":[{"href":"https:\/\/www.opli.co.il\/index.php?rest_route=%2Fwp%2Fv2%2Fmedia&parent=17399"}],"wp:term":[{"taxonomy":"category","embeddable":true,"href":"https:\/\/www.opli.co.il\/index.php?rest_route=%2Fwp%2Fv2%2Fcategories&post=17399"},{"taxonomy":"post_tag","embeddable":true,"href":"https:\/\/www.opli.co.il\/index.php?rest_route=%2Fwp%2Fv2%2Ftags&post=17399"}],"curies":[{"name":"wp","href":"https:\/\/api.w.org\/{rel}","templated":true}]}}